{"id":65802,"date":"2024-02-04T16:51:45","date_gmt":"2024-02-04T15:51:45","guid":{"rendered":"https:\/\/dev-public.swissarchery.org\/2024\/02\/04\/assemblea-straordinaria-dei-delegati\/"},"modified":"2026-01-12T10:23:51","modified_gmt":"2026-01-12T09:23:51","slug":"assemblea-straordinaria-dei-delegati","status":"publish","type":"post","link":"https:\/\/www.swissarchery.org\/it\/assemblea-straordinaria-dei-delegati\/","title":{"rendered":"Assemblea straordinaria dei delegati"},"content":{"rendered":"\n<p>In conformit\u00e0 con l&#8217;articolo 26.1 dello Statuto, il Comitato Centrale \u00e8 lieto di invitare i delegati del club a un&#8217;assemblea straordinaria dei delegati:<\/p>\n\n<h4 class=\"wp-block-heading\"><strong>Sabato 09 marzo 2024 dalle 12.30 (la riunione inizia alle 13.30)<\/strong><\/h4>\n\n<h4 class=\"wp-block-heading\"><strong>Haus des Sports, Talgutzentrum 27, Ittigen bei Bern<\/strong><\/h4>\n\n<p>L&#8217;Assemblea Generale Straordinaria voter\u00e0 l&#8217;accordo di fusione firmato tra i consigli di amministrazione di SwissArchery e FAAS. Se l&#8217;accordo di fusione sar\u00e0 approvato, SwissArchery sar\u00e0 rinominata Federazione Svizzera di Tiro con l&#8217;Arco e si fonder\u00e0 con FAAS. Allo stesso tempo, l&#8217;assemblea \u00e8 invitata a votare una revisione dello Statuto nel caso in cui la fusione venga respinta. L&#8217;idea \u00e8 quella di sfruttare il lavoro e il feedback di World Archery e Swiss Olympic sugli statuti nell&#8217;ambito della fusione e di incorporare questo feedback negli statuti della federazione.<\/p>\n\n<p><em><strong>Nota bene: alla riunione possono partecipare al massimo due delegati per club.<\/strong><\/em><\/p>\n\n<p>L&#8217;ordine del giorno e i documenti della riunione sono pubblicati qui: <a href=\"https:\/\/public.swissarchery.org\/assemblees-des-delegues-extraordinaire\/\" data-type=\"page\" data-id=\"61492\">Link<\/a><\/p>\n","protected":false},"excerpt":{"rendered":"<p>In conformit\u00e0 con l&#8217;articolo 26.1 dello Statuto, il Comitato Centrale \u00e8 lieto di invitare i delegati del club a un&#8217;assemblea straordinaria dei delegati: Sabato 09 marzo 2024 dalle 12.30 (la riunione inizia alle 13.30) Haus des Sports, Talgutzentrum 27, Ittigen bei Bern L&#8217;Assemblea Generale Straordinaria voter\u00e0 l&#8217;accordo di fusione firmato tra i consigli di amministrazione [&hellip;]<\/p>\n","protected":false},"author":1,"featured_media":64329,"comment_status":"closed","ping_status":"closed","sticky":false,"template":"","format":"standard","meta":{"_jetpack_memberships_contains_paid_content":false,"footnotes":"","jetpack_publicize_message":"","jetpack_publicize_feature_enabled":true,"jetpack_social_post_already_shared":false,"jetpack_social_options":{"image_generator_settings":{"template":"highway","default_image_id":0,"font":"","enabled":false},"version":2}},"categories":[74],"tags":[],"class_list":["post-65802","post","type-post","status-publish","format-standard","has-post-thumbnail","hentry","category-federazione"],"jetpack_publicize_connections":[],"jetpack_featured_media_url":"https:\/\/i0.wp.com\/www.swissarchery.org\/wp-content\/uploads\/2024\/05\/PXL_20230121_130024429.jpg?fit=1920%2C1080&quality=89&ssl=1","jetpack_sharing_enabled":true,"_links":{"self":[{"href":"https:\/\/www.swissarchery.org\/it\/wp-json\/wp\/v2\/posts\/65802","targetHints":{"allow":["GET"]}}],"collection":[{"href":"https:\/\/www.swissarchery.org\/it\/wp-json\/wp\/v2\/posts"}],"about":[{"href":"https:\/\/www.swissarchery.org\/it\/wp-json\/wp\/v2\/types\/post"}],"author":[{"embeddable":true,"href":"https:\/\/www.swissarchery.org\/it\/wp-json\/wp\/v2\/users\/1"}],"replies":[{"embeddable":true,"href":"https:\/\/www.swissarchery.org\/it\/wp-json\/wp\/v2\/comments?post=65802"}],"version-history":[{"count":0,"href":"https:\/\/www.swissarchery.org\/it\/wp-json\/wp\/v2\/posts\/65802\/revisions"}],"wp:featuredmedia":[{"embeddable":true,"href":"https:\/\/www.swissarchery.org\/it\/wp-json\/wp\/v2\/media\/64329"}],"wp:attachment":[{"href":"https:\/\/www.swissarchery.org\/it\/wp-json\/wp\/v2\/media?parent=65802"}],"wp:term":[{"taxonomy":"category","embeddable":true,"href":"https:\/\/www.swissarchery.org\/it\/wp-json\/wp\/v2\/categories?post=65802"},{"taxonomy":"post_tag","embeddable":true,"href":"https:\/\/www.swissarchery.org\/it\/wp-json\/wp\/v2\/tags?post=65802"}],"curies":[{"name":"wp","href":"https:\/\/api.w.org\/{rel}","templated":true}]}}