{"id":73036,"date":"2026-03-10T07:28:49","date_gmt":"2026-03-10T06:28:49","guid":{"rendered":"https:\/\/www.swissarchery.org\/?p=73036"},"modified":"2026-03-10T07:28:54","modified_gmt":"2026-03-10T06:28:54","slug":"schweizermeisterschaft-in-sion-youth-und-team-resultate-und-fotos-online","status":"publish","type":"post","link":"https:\/\/www.swissarchery.org\/de\/schweizermeisterschaft-in-sion-youth-und-team-resultate-und-fotos-online\/","title":{"rendered":"Schweizermeisterschaft in Sion Youth und Team\u2013 Resultate und Fotos online"},"content":{"rendered":"\n<p>Die Schweizermeisterschaft in Sion ist erfolgreich \u00fcber die B\u00fchne gegangen. Die Resultate der Wettk\u00e4mpfe vom Samstag und Sonntag sind online auf Ianseo verf\u00fcgbar.<\/p>\n\n\n\n<p>Auch die Fotos des Wochenendes sind online und geben einen sch\u00f6nen Einblick in die spannenden Wettk\u00e4mpfe und die tolle Atmosph\u00e4re vor Ort.<\/p>\n\n\n\n<p>Wir gratulieren allen Teilnehmenden herzlich zu ihren Leistungen und bedanken uns bei den Organisatoren sowie den Helferinnen und Helfern f\u00fcr den gelungenen Anlass. Ebenfalls gratulieren wir zu den neuen Schweizer Rekorden, welche wir gerne auf der Website publizieren werden, sobald sie offiziell best\u00e4tigt sind.<\/p>\n\n\n\n<p><strong>Fotos:<\/strong><br><a href=\"https:\/\/photos.swissarchery.org\/Indoor-\/Indoor-2025-2026\/SMCS-Team-Mixed-Sion\">https:\/\/photos.swissarchery.org\/Indoor-\/Indoor-2025-2026\/SMCS-Team-Mixed-Sion<\/a><\/p>\n\n\n\n<p><strong>Resultate (Samstag &amp; Sonntag):<\/strong><br><a href=\"https:\/\/ianseo.net\/Details.php?toId=26947\">https:\/\/ianseo.net\/Details.php?toId=26947<\/a><\/p>\n","protected":false},"excerpt":{"rendered":"<p>Die Schweizermeisterschaft in Sion ist erfolgreich \u00fcber die B\u00fchne gegangen. Die Resultate der Wettk\u00e4mpfe vom Samstag und Sonntag sind online auf Ianseo verf\u00fcgbar. Auch die Fotos des Wochenendes sind online und geben einen sch\u00f6nen Einblick in die spannenden Wettk\u00e4mpfe und die tolle Atmosph\u00e4re vor Ort. Wir gratulieren allen Teilnehmenden herzlich zu ihren Leistungen und bedanken [&hellip;]<\/p>\n","protected":false},"author":2,"featured_media":73038,"comment_status":"closed","ping_status":"closed","sticky":false,"template":"","format":"standard","meta":{"_jetpack_memberships_contains_paid_content":false,"footnotes":"","jetpack_publicize_message":"","jetpack_publicize_feature_enabled":true,"jetpack_social_post_already_shared":true,"jetpack_social_options":{"image_generator_settings":{"template":"highway","default_image_id":0,"font":"","enabled":false},"version":2}},"categories":[2],"tags":[],"class_list":["post-73036","post","type-post","status-publish","format-standard","has-post-thumbnail","hentry","category-unkategorisiert"],"jetpack_publicize_connections":[],"jetpack_featured_media_url":"https:\/\/i0.wp.com\/www.swissarchery.org\/wp-content\/uploads\/2026\/03\/DZ6_0708-1-scaled-e1773124117153.webp?fit=2560%2C1297&quality=80&ssl=1","jetpack_sharing_enabled":true,"_links":{"self":[{"href":"https:\/\/www.swissarchery.org\/de\/wp-json\/wp\/v2\/posts\/73036","targetHints":{"allow":["GET"]}}],"collection":[{"href":"https:\/\/www.swissarchery.org\/de\/wp-json\/wp\/v2\/posts"}],"about":[{"href":"https:\/\/www.swissarchery.org\/de\/wp-json\/wp\/v2\/types\/post"}],"author":[{"embeddable":true,"href":"https:\/\/www.swissarchery.org\/de\/wp-json\/wp\/v2\/users\/2"}],"replies":[{"embeddable":true,"href":"https:\/\/www.swissarchery.org\/de\/wp-json\/wp\/v2\/comments?post=73036"}],"version-history":[{"count":0,"href":"https:\/\/www.swissarchery.org\/de\/wp-json\/wp\/v2\/posts\/73036\/revisions"}],"wp:featuredmedia":[{"embeddable":true,"href":"https:\/\/www.swissarchery.org\/de\/wp-json\/wp\/v2\/media\/73038"}],"wp:attachment":[{"href":"https:\/\/www.swissarchery.org\/de\/wp-json\/wp\/v2\/media?parent=73036"}],"wp:term":[{"taxonomy":"category","embeddable":true,"href":"https:\/\/www.swissarchery.org\/de\/wp-json\/wp\/v2\/categories?post=73036"},{"taxonomy":"post_tag","embeddable":true,"href":"https:\/\/www.swissarchery.org\/de\/wp-json\/wp\/v2\/tags?post=73036"}],"curies":[{"name":"wp","href":"https:\/\/api.w.org\/{rel}","templated":true}]}}