{"id":65806,"date":"2024-02-04T16:51:45","date_gmt":"2024-02-04T15:51:45","guid":{"rendered":"https:\/\/dev-public.swissarchery.org\/2024\/02\/04\/ausserordentliche-delegiertenversammlung\/"},"modified":"2026-01-12T10:23:50","modified_gmt":"2026-01-12T09:23:50","slug":"ausserordentliche-delegiertenversammlung","status":"publish","type":"post","link":"https:\/\/www.swissarchery.org\/de\/ausserordentliche-delegiertenversammlung\/","title":{"rendered":"Au\u00dferordentliche Delegiertenversammlung"},"content":{"rendered":"\n<p>In \u00dcbereinstimmung mit Artikel 26.1 der Statuten freut sich der Zentralvorstand, die Delegierten der Clubs zu einer au\u00dferordentlichen Delegiertenversammlung einzuladen:<\/p>\n\n<h4 class=\"wp-block-heading\"><strong>Samstag, 09. M\u00e4rz 2024 ab 12.30 Uhr (Beginn der Versammlung um 13.30 Uhr)<\/strong><\/h4>\n\n<h4 class=\"wp-block-heading\"><strong>Haus des Sports, Talgutzentrum 27, Ittigen bei Bern<\/strong><\/h4>\n\n<p>Die au\u00dferordentliche Versammlung wird \u00fcber den Fusionsvertrag abstimmen, der zwischen den Vorst\u00e4nden der SwissArchery und der FAAS unterzeichnet wurde. Wenn der Fusionsvertrag genehmigt wird, wird die SwissArchery in Swiss Archery Federation umbenannt und mit der FAAS fusioniert. Parallel dazu wird die Versammlung aufgefordert, \u00fcber eine Statuten\u00e4nderung f\u00fcr den Fall abzustimmen, dass die Fusion abgelehnt wird. Die Idee ist, die Arbeit und das Feedback von World Archery und Swiss Olympic zu den Statuten im Rahmen der Fusion zu nutzen und dieses Feedback in die Statuten des Verbandes zu integrieren.<\/p>\n\n<p><em><strong>Achtung: Es d\u00fcrfen maximal zwei Delegierte pro Verein an der Versammlung teilnehmen.<\/strong><\/em><\/p>\n\n<p>Die Tagesordnung und die Dokumente f\u00fcr die Versammlung sind hier ver\u00f6ffentlicht: <a href=\"https:\/\/public.swissarchery.org\/assemblees-des-delegues-extraordinaire\/\" data-type=\"page\" data-id=\"61492\">Link<\/a><\/p>\n","protected":false},"excerpt":{"rendered":"<p>In \u00dcbereinstimmung mit Artikel 26.1 der Statuten freut sich der Zentralvorstand, die Delegierten der Clubs zu einer au\u00dferordentlichen Delegiertenversammlung einzuladen: Samstag, 09. M\u00e4rz 2024 ab 12.30 Uhr (Beginn der Versammlung um 13.30 Uhr) Haus des Sports, Talgutzentrum 27, Ittigen bei Bern Die au\u00dferordentliche Versammlung wird \u00fcber den Fusionsvertrag abstimmen, der zwischen den Vorst\u00e4nden der SwissArchery [&hellip;]<\/p>\n","protected":false},"author":1,"featured_media":64328,"comment_status":"closed","ping_status":"closed","sticky":false,"template":"","format":"standard","meta":{"_jetpack_memberships_contains_paid_content":false,"footnotes":"","jetpack_publicize_message":"","jetpack_publicize_feature_enabled":true,"jetpack_social_post_already_shared":false,"jetpack_social_options":{"image_generator_settings":{"template":"highway","default_image_id":0,"font":"","enabled":false},"version":2}},"categories":[76],"tags":[],"class_list":["post-65806","post","type-post","status-publish","format-standard","has-post-thumbnail","hentry","category-foderation"],"jetpack_publicize_connections":[],"jetpack_featured_media_url":"https:\/\/i0.wp.com\/www.swissarchery.org\/wp-content\/uploads\/2024\/05\/PXL_20230121_130024429.jpg?fit=1920%2C1080&quality=89&ssl=1","jetpack_sharing_enabled":true,"_links":{"self":[{"href":"https:\/\/www.swissarchery.org\/de\/wp-json\/wp\/v2\/posts\/65806","targetHints":{"allow":["GET"]}}],"collection":[{"href":"https:\/\/www.swissarchery.org\/de\/wp-json\/wp\/v2\/posts"}],"about":[{"href":"https:\/\/www.swissarchery.org\/de\/wp-json\/wp\/v2\/types\/post"}],"author":[{"embeddable":true,"href":"https:\/\/www.swissarchery.org\/de\/wp-json\/wp\/v2\/users\/1"}],"replies":[{"embeddable":true,"href":"https:\/\/www.swissarchery.org\/de\/wp-json\/wp\/v2\/comments?post=65806"}],"version-history":[{"count":0,"href":"https:\/\/www.swissarchery.org\/de\/wp-json\/wp\/v2\/posts\/65806\/revisions"}],"wp:featuredmedia":[{"embeddable":true,"href":"https:\/\/www.swissarchery.org\/de\/wp-json\/wp\/v2\/media\/64328"}],"wp:attachment":[{"href":"https:\/\/www.swissarchery.org\/de\/wp-json\/wp\/v2\/media?parent=65806"}],"wp:term":[{"taxonomy":"category","embeddable":true,"href":"https:\/\/www.swissarchery.org\/de\/wp-json\/wp\/v2\/categories?post=65806"},{"taxonomy":"post_tag","embeddable":true,"href":"https:\/\/www.swissarchery.org\/de\/wp-json\/wp\/v2\/tags?post=65806"}],"curies":[{"name":"wp","href":"https:\/\/api.w.org\/{rel}","templated":true}]}}