{"id":65756,"date":"2023-11-21T14:43:31","date_gmt":"2023-11-21T13:43:31","guid":{"rendered":"https:\/\/dev-public.swissarchery.org\/2023\/11\/21\/gebuehren-fuer-die-veroeffentlichung-im-wettkampfkalender-ad-beschluss-2023\/"},"modified":"2024-06-18T19:03:46","modified_gmt":"2024-06-18T17:03:46","slug":"gebuehren-fuer-die-veroeffentlichung-im-wettkampfkalender-ad-beschluss-2023","status":"publish","type":"post","link":"https:\/\/www.swissarchery.org\/de\/gebuehren-fuer-die-veroeffentlichung-im-wettkampfkalender-ad-beschluss-2023\/","title":{"rendered":"Geb\u00fchren f\u00fcr die Ver\u00f6ffentlichung im Wettkampfkalender (AD-Beschluss 2023)"},"content":{"rendered":"\n<p>C<span lang=\"FR\">Einige Organisatoren melden Wettk\u00e4mpfe ohne Schiedsrichter im Kalender an und nutzen die Dienstleistungen des Verbandes, ohne sich an den Kosten f\u00fcr Wartung und Entwicklung zu beteiligen. Die Delegiertenversammlung ist der Meinung, dass alle Veranstalter, die die Werbung des Kalenders f\u00fcr ihre Wettk\u00e4mpfe nutzen, einen Beitrag zur Instandhaltung des Kalenders leisten sollten.  <\/span><\/p>\n\n<p>Organisatoren, die die Aufnahme eines Wettkampfes in den auf der Webseite des Verbandes ver\u00f6ffentlichten Wettkampfkalender beantragen, m\u00fcssen folgende Betr\u00e4ge entrichten:<\/p>\n\n<ul class=\"wp-block-list\">\n<li>Wettkampf mit Schiedsrichter, der von einem Mitgliedsverein organisiert wird: 50 CHF (inkl. Schiedsrichter)<\/li>\n\n\n\n<li>Wettkampf ohne Schiedsrichter, der von einem Mitgliedsverein organisiert wird: 100 CHF<\/li>\n\n\n\n<li>Wettkampf, der von einem Verein oder einer externen Organisation organisiert wird: 200 CHF (+Schiedsrichterkosten)<\/li>\n<\/ul>\n\n<p>Diese Geb\u00fchr ist zus\u00e4tzlich zu den Geb\u00fchren f\u00fcr die Nutzung des Anmeldeverwaltungssystems zu entrichten.<\/p>\n","protected":false},"excerpt":{"rendered":"<p>CEinige Organisatoren melden Wettk\u00e4mpfe ohne Schiedsrichter im Kalender an und nutzen die Dienstleistungen des Verbandes, ohne sich an den Kosten f\u00fcr Wartung und Entwicklung zu beteiligen. Die Delegiertenversammlung ist der Meinung, dass alle Veranstalter, die die Werbung des Kalenders f\u00fcr ihre Wettk\u00e4mpfe nutzen, einen Beitrag zur Instandhaltung des Kalenders leisten sollten. Organisatoren, die die Aufnahme [&hellip;]<\/p>\n","protected":false},"author":1,"featured_media":0,"comment_status":"closed","ping_status":"closed","sticky":false,"template":"","format":"standard","meta":{"_jetpack_memberships_contains_paid_content":false,"footnotes":"","jetpack_publicize_message":"","jetpack_publicize_feature_enabled":true,"jetpack_social_post_already_shared":false,"jetpack_social_options":{"image_generator_settings":{"template":"highway","default_image_id":0,"font":"","enabled":false},"version":2}},"categories":[2],"tags":[],"class_list":["post-65756","post","type-post","status-publish","format-standard","hentry","category-unkategorisiert"],"jetpack_publicize_connections":[],"jetpack_featured_media_url":"","jetpack_sharing_enabled":true,"_links":{"self":[{"href":"https:\/\/www.swissarchery.org\/de\/wp-json\/wp\/v2\/posts\/65756","targetHints":{"allow":["GET"]}}],"collection":[{"href":"https:\/\/www.swissarchery.org\/de\/wp-json\/wp\/v2\/posts"}],"about":[{"href":"https:\/\/www.swissarchery.org\/de\/wp-json\/wp\/v2\/types\/post"}],"author":[{"embeddable":true,"href":"https:\/\/www.swissarchery.org\/de\/wp-json\/wp\/v2\/users\/1"}],"replies":[{"embeddable":true,"href":"https:\/\/www.swissarchery.org\/de\/wp-json\/wp\/v2\/comments?post=65756"}],"version-history":[{"count":0,"href":"https:\/\/www.swissarchery.org\/de\/wp-json\/wp\/v2\/posts\/65756\/revisions"}],"wp:attachment":[{"href":"https:\/\/www.swissarchery.org\/de\/wp-json\/wp\/v2\/media?parent=65756"}],"wp:term":[{"taxonomy":"category","embeddable":true,"href":"https:\/\/www.swissarchery.org\/de\/wp-json\/wp\/v2\/categories?post=65756"},{"taxonomy":"post_tag","embeddable":true,"href":"https:\/\/www.swissarchery.org\/de\/wp-json\/wp\/v2\/tags?post=65756"}],"curies":[{"name":"wp","href":"https:\/\/api.w.org\/{rel}","templated":true}]}}